[{"@context":"https:\/\/schema.org\/","@type":"Article","@id":"https:\/\/www.ca-ali.cz\/do-jake-barvy-venec-stylizovat-je-to-dulezitejsi-nez-si-myslite\/#Article","mainEntityOfPage":"https:\/\/www.ca-ali.cz\/do-jake-barvy-venec-stylizovat-je-to-dulezitejsi-nez-si-myslite\/","headline":"Do jak\u00e9 barvy v\u011bnec stylizovat? Je to d\u016fle\u017eit\u011bj\u0161\u00ed, ne\u017e si mysl\u00edte","name":"Do jak\u00e9 barvy v\u011bnec stylizovat? Je to d\u016fle\u017eit\u011bj\u0161\u00ed, ne\u017e si mysl\u00edte","description":"Jak si sv\u016fj prout\u011bn\u00fd v\u011bnec dozdobit? Je to jednoduch\u00e9, se\u017ee\u0148te si kv\u011btiny, l\u00edste\u010dky a dal\u0161\u00ed drobn\u00e9 dekorativn\u00ed p\u0159edm\u011bty. Velice obl\u00edben\u00e9 jsou nejr\u016fzn\u011bj\u0161\u00ed stu\u017eky, mot\u00fdlci a pt\u00e1\u010dci, vaj\u00ed\u010dka nebo sisalov\u00e9 ozdobi\u010dky. Dle sezony pak &#8222;let\u00ed&#8220; nejr\u016fzn\u011bj\u0161\u00ed v\u011btvi\u010dky, list\u00ed\u010dko a mal\u00e9 figurky t\u0159eba sn\u011bhul\u00e1\u010dk\u016f. D\u00e1le zlat\u011b \u010di st\u0159\u00edbrn\u011b st\u0159\u00edkan\u00e9 \u0161i\u0161ky nebo m\u00e1ky. Ur\u010dit\u011b najdete i kr\u00e1sn\u00e9 hv\u011bzdi\u010dky, [&hellip;]","datePublished":"2020-01-09","dateModified":"2023-04-27","author":{"@type":"Person","@id":"https:\/\/www.ca-ali.cz\/author\/#Person","name":"ca-ali.cz\n","url":"https:\/\/www.ca-ali.cz\/author\/","identifier":1,"image":{"@type":"ImageObject","@id":"https:\/\/secure.gravatar.com\/avatar\/9d25b0af9840660883a67790aa4f595ddc226aa4680c4cf7bc03a25c14fcef85?s=96&d=mm&r=g","url":"https:\/\/secure.gravatar.com\/avatar\/9d25b0af9840660883a67790aa4f595ddc226aa4680c4cf7bc03a25c14fcef85?s=96&d=mm&r=g","height":96,"width":96}},"publisher":{"@type":"Organization","name":"ca-ali.cz","logo":{"@type":"ImageObject","@id":"\/logo.png","url":"\/logo.png","width":600,"height":60}},"image":{"@type":"ImageObject","@id":"https:\/\/www.ca-ali.cz\/wp-content\/uploads\/img_a368441_w1709_t1580745684.jpg","url":"https:\/\/www.ca-ali.cz\/wp-content\/uploads\/img_a368441_w1709_t1580745684.jpg","height":0,"width":0},"url":"https:\/\/www.ca-ali.cz\/do-jake-barvy-venec-stylizovat-je-to-dulezitejsi-nez-si-myslite\/","about":["N\u00e1kupy"],"wordCount":404,"articleBody":"        Jak si sv\u016fj prout\u011bn\u00fd v\u011bnec dozdobit? Je to jednoduch\u00e9, se\u017ee\u0148te si kv\u011btiny, l\u00edste\u010dky a dal\u0161\u00ed drobn\u00e9 dekorativn\u00ed p\u0159edm\u011bty. Velice obl\u00edben\u00e9 jsou nejr\u016fzn\u011bj\u0161\u00ed stu\u017eky, mot\u00fdlci a pt\u00e1\u010dci, vaj\u00ed\u010dka nebo sisalov\u00e9 ozdobi\u010dky. Dle sezony pak &#8222;let\u00ed&#8220; nejr\u016fzn\u011bj\u0161\u00ed v\u011btvi\u010dky, list\u00ed\u010dko a mal\u00e9 figurky t\u0159eba sn\u011bhul\u00e1\u010dk\u016f. D\u00e1le zlat\u011b \u010di st\u0159\u00edbrn\u011b st\u0159\u00edkan\u00e9 \u0161i\u0161ky nebo m\u00e1ky. Ur\u010dit\u011b najdete i kr\u00e1sn\u00e9 hv\u011bzdi\u010dky, pou\u017e\u00edt v\u0161ak m\u016f\u017eete i ozdobn\u00e9 knofl\u00edky nebo b\u0159ezovou k\u016fru. Ta se vyr\u00e1b\u00ed dokonce r\u016fzn\u011b barven\u00e1. Do v\u011bnce m\u016f\u017eete zakomponovat i su\u0161en\u00e9 citronov\u00e9 \u010di pomeran\u010dov\u00e9 pl\u00e1tky, kousky sko\u0159ice nebo sv\u00ed\u010dky. Jak vid\u00edte, fantazii se meze nekladou.  Zaj\u00edmav\u00e9 je, do jak\u00fdch barev ale budete sv\u00e9 prout\u011bn\u00e9 v\u011bnce ladit. V\u011bd\u011bli jste, \u017ee barvy maj\u00ed svou symboliku? Nap\u0159\u00edklad b\u00edl\u00e1 pom\u011brn\u011b logicky zt\u011bles\u0148uje neposkvrn\u011bnost a \u010distotu. Va\u0161emu domovu dod\u00e1 pozitivn\u00ed energii. Oproti tomu \u010dern\u00e9 v\u011bnce se p\u0159\u00edli\u0161 nevyr\u00e1b\u00ed. Z \u010derven\u00fdch zase \u010di\u0161\u00ed v\u00e1\u0161niv\u00e1 energie. Dod\u00e1vaj\u00ed m\u00edstu \u017eivot, jsou symbolem s\u00edly a \u017eivota. Zelen\u00e9 v\u011bnce vypadaj\u00ed n\u00e1dhern\u011b, nebo\u0165 b\u00fdvaj\u00ed tvo\u0159eny z nejr\u016fzn\u011bj\u0161\u00edch rostlinek.  Zapojit m\u016f\u017eete bylinky, aby V\u00e1m byt kr\u00e1sn\u011b provon\u011bly anebo t\u0159eba i bobkov\u00fd list, ze kter\u00e9ho se v\u011bnce vyr\u00e1b\u011bly p\u016fvodn\u011b (mluv\u00edme o tzv. vav\u0159\u00ednov\u00e9m v\u011bnci). Zelen\u00e9 v\u011bnce se hod\u00ed na ja\u0159e, kdy v\u0161e pu\u010d\u00ed a roste. Symbolizuj\u00ed dobr\u00e9 zdrav\u00ed, a pr\u00e1v\u011b tento r\u016fst i samotn\u00e9 zrozen\u00ed. Nav\u00edc dok\u00e1\u017e\u00ed skv\u011ble uklid\u0148ovat. Oproti tomu v\u011bnce r\u016f\u017eov\u00e9 reprezentuj\u00ed romantickou l\u00e1sku, ml\u00e1d\u00ed a n\u011bhu. Zamyslete se nad t\u00edm, co chcete do sv\u00e9ho domu podv\u011bdom\u011b p\u0159it\u00e1hnout a dle toho vytvo\u0159te svou vlastn\u00ed barevnou variantu. A pozor! Barvy rozhodn\u011b m\u016f\u017eete i kombinovat. Nap\u0159\u00edklad fialov\u00e1 stoj\u00ed za duchovn\u00edm r\u016fstem. Tato barva je vysoce duchovn\u00ed a magick\u00e1. Pokud ji spoj\u00edte nap\u0159\u00edklad se \u017elutou, chcete p\u0159in\u00e9st do domu \u0161t\u011bst\u00ed. Modr\u00e1 V\u00e1s zase snadn\u011bji dok\u00e1\u017ee propojit s Va\u0161\u00edm vy\u0161\u0161\u00edm j\u00e1 a vzbuzuje d\u016fv\u011bru.                                                                                                                                                                                                                                                                                                                                                                                          4.3\/5 - (3 votes)        "},{"@context":"https:\/\/schema.org\/","@type":"BreadcrumbList","itemListElement":[{"@type":"ListItem","position":1,"name":"Do jak\u00e9 barvy v\u011bnec stylizovat? Je to d\u016fle\u017eit\u011bj\u0161\u00ed, ne\u017e si mysl\u00edte","item":"https:\/\/www.ca-ali.cz\/do-jake-barvy-venec-stylizovat-je-to-dulezitejsi-nez-si-myslite\/#breadcrumbitem"}]}]