[{"@context":"https:\/\/schema.org\/","@type":"Article","@id":"https:\/\/www.ca-ali.cz\/sperky-s-odrazem-prirodnich-motivu\/#Article","mainEntityOfPage":"https:\/\/www.ca-ali.cz\/sperky-s-odrazem-prirodnich-motivu\/","headline":"\u0160perky s odrazem p\u0159\u00edrodn\u00edch motiv\u016f","name":"\u0160perky s odrazem p\u0159\u00edrodn\u00edch motiv\u016f","description":"U mu\u017esk\u00fdch \u0161perk\u016f, kter\u00fdmi si mu\u017ei prap\u016fvodn\u011b zdobili p\u0159ev\u00e1\u017en\u011b sv\u00e9 zbran\u011b, klobouky, boty, opasky a oble\u010den\u00ed, byl \u0161perk vyj\u00e1d\u0159en\u00edm spole\u010densk\u00e9ho postaven\u00ed, moci, \u00fa\u0159adu, nebo diplomatick\u00e9ho pov\u011b\u0159en\u00ed \u010di osobn\u00edho z\u00e1vazku. \u017deny vn\u00edmaj\u00ed \u0161perk jako vyj\u00e1d\u0159en\u00ed sv\u00e9 osobnosti, stylu a rovn\u011b\u017e r\u00e1dy prezentuj\u00ed \u0161perky jako hodnotn\u00fd dar, kter\u00fdm n\u011bkdo ocenil jejich kr\u00e1su, l\u00e1sku a partnersk\u00e9 \u010di rodi\u010dovsk\u00e9 [&hellip;]","datePublished":"2020-01-10","dateModified":"2023-04-27","author":{"@type":"Person","@id":"https:\/\/www.ca-ali.cz\/author\/#Person","name":"ca-ali.cz\n","url":"https:\/\/www.ca-ali.cz\/author\/","identifier":1,"image":{"@type":"ImageObject","@id":"https:\/\/secure.gravatar.com\/avatar\/9d25b0af9840660883a67790aa4f595ddc226aa4680c4cf7bc03a25c14fcef85?s=96&d=mm&r=g","url":"https:\/\/secure.gravatar.com\/avatar\/9d25b0af9840660883a67790aa4f595ddc226aa4680c4cf7bc03a25c14fcef85?s=96&d=mm&r=g","height":96,"width":96}},"publisher":{"@type":"Organization","name":"ca-ali.cz","logo":{"@type":"ImageObject","@id":"\/logo.png","url":"\/logo.png","width":600,"height":60}},"image":{"@type":"ImageObject","@id":"https:\/\/www.ca-ali.cz\/wp-content\/uploads\/img_a371513_w1709_t1582882198.jpg","url":"https:\/\/www.ca-ali.cz\/wp-content\/uploads\/img_a371513_w1709_t1582882198.jpg","height":0,"width":0},"url":"https:\/\/www.ca-ali.cz\/sperky-s-odrazem-prirodnich-motivu\/","about":["N\u00e1kupy"],"wordCount":433,"articleBody":"       U mu\u017esk\u00fdch \u0161perk\u016f, kter\u00fdmi si mu\u017ei prap\u016fvodn\u011b zdobili p\u0159ev\u00e1\u017en\u011b sv\u00e9 zbran\u011b, klobouky, boty, opasky a oble\u010den\u00ed, byl \u0161perk vyj\u00e1d\u0159en\u00edm spole\u010densk\u00e9ho postaven\u00ed, moci, \u00fa\u0159adu, nebo diplomatick\u00e9ho pov\u011b\u0159en\u00ed \u010di osobn\u00edho z\u00e1vazku. \u017deny vn\u00edmaj\u00ed \u0161perk jako vyj\u00e1d\u0159en\u00ed sv\u00e9 osobnosti, stylu a rovn\u011b\u017e r\u00e1dy prezentuj\u00ed \u0161perky jako hodnotn\u00fd dar, kter\u00fdm n\u011bkdo ocenil jejich kr\u00e1su, l\u00e1sku a partnersk\u00e9 \u010di rodi\u010dovsk\u00e9 schopnosti. https:\/\/cs.bab.la\/slovnik\/cesky-anglicky\/schopnosti  \u017deny se zdob\u00ed, proto\u017ee se cht\u011bj\u00ed l\u00edbit sv\u00e9mu okol\u00ed i sob\u011b. Nejstar\u0161\u00ed n\u00e1lezy \u0161perk\u016f se datuj\u00ed do doby p\u0159ed 100 tis\u00edci lety a \u0161lo o jednoduch\u00e9 ozdoby z p\u0159\u00edrodn\u00edch materi\u00e1l\u016f jako byly zv\u00ed\u0159ec\u00ed zuby, ozdobn\u00e9 mu\u0161le \u010di hlin\u011bn\u00e9 kuli\u010dky. U\u017e v 1. tis\u00edcilet\u00ed p\u0159. n. l. v zem\u00edch jako Egypt, Mezopot\u00e1mie, Persie, \u0158ecko, \u0158\u00edmsk\u00e1 \u0159\u00ed\u0161e za\u010daly vznikat zlat\u00e9 \u0161perky, jako d\u016fkaz bohatstv\u00ed a moci tehdej\u0161\u00edch vlada\u0159\u016f. V pozd\u011bj\u0161\u00edm egyptsk\u00e9m obdob\u00ed se mezi lidmi roz\u0161\u00ed\u0159ily drobn\u00e9 st\u0159\u00edbrn\u00e9 \u0161perky. V Evrop\u011b do\u0161lo k rozmachu \u0161perka\u0159stv\u00ed v pozdn\u00edm st\u0159edov\u011bku a v renesanci, jak dokl\u00e1daj\u00ed zachovan\u00e1 um\u011bleck\u00e1 d\u00edla. Obl\u00edben\u00e9 byly prsteny a brou\u0161en\u00ed drah\u00fdch kamen\u016f, kter\u00e9 je zdobily. V m\u011b\u0161\u0165ansk\u00fdch rodin\u00e1ch se nast\u0159\u00e1dan\u00e9 \u0161perky p\u0159ed\u00e1valy z generace na generaci jako rodinn\u00e9 jm\u011bn\u00ed. V 19. stolet\u00ed bylo \u0161perka\u0159stv\u00ed zmodernizov\u00e1no a za\u010dala se rozj\u00ed\u017ed\u011bt i levn\u011bj\u0161\u00ed strojov\u00e1 v\u00fdroba a pro nemajetn\u00e9 lidi zde byla alternativa v bi\u017euterii, kter\u00e1 byla z obecn\u00fdch kov\u016f a v\u011bt\u0161inou lit\u00e1 a lisovan\u00e1. Ve dvac\u00e1t\u00e9m stolet\u00ed \u0161perky za\u010d\u00ednaj\u00ed velice podl\u00e9hat m\u00f3d\u011b a vyu\u017e\u00edvaj\u00ed nov\u00e9 technologie. Drah\u00e9 kameny se vyr\u00e1b\u011bj\u00ed synteticky a kultivuj\u00ed se levn\u011bj\u0161\u00ed perly. V sou\u010dasnosti roste z\u00e1jem mlad\u00e9 generace o \u0161perky ze st\u0159\u00edbra, z u\u0161lechtil\u00fdch ocel\u00ed, z karbidu, wolframu a dal\u0161\u00edch nov\u00fdch materi\u00e1l\u016f. I p\u0159es velkov\u00fdrobu \u0161perka\u0159sk\u00e9ho pr\u016fmyslu se mnoho lid\u00ed obrac\u00ed na mlad\u00e9 kreativn\u00ed \u0161perka\u0159e, kte\u0159\u00ed ru\u010dn\u011b vyr\u00e1b\u00ed origin\u00e1ln\u00ed \u0161perky z vlastn\u00edch n\u00e1vrh\u016f, kter\u00e9 v sob\u011b maj\u00ed autorsk\u00fd styl. \u0160perky pro nastupuj\u00edc\u00ed generace mlad\u00fdch lid\u00ed up\u0159ednost\u0148uj\u00ed jednoduchost a originalitu p\u0159ed ok\u00e1zalost\u00ed, motivy \u0161perk\u016f se tak vlastn\u011b vrac\u00ed sv\u00fdm zp\u016fsobem ke ko\u0159en\u016fm a \u010derpaj\u00ed inspiraci z p\u0159\u00edrodn\u00edch kr\u00e1s na\u0161\u00ed planety.                                                                                                                                                                                                                                                                                                                                                                                         4\/5 - (4 votes)        "},{"@context":"https:\/\/schema.org\/","@type":"BreadcrumbList","itemListElement":[{"@type":"ListItem","position":1,"name":"\u0160perky s odrazem p\u0159\u00edrodn\u00edch motiv\u016f","item":"https:\/\/www.ca-ali.cz\/sperky-s-odrazem-prirodnich-motivu\/#breadcrumbitem"}]}]