[{"@context":"https:\/\/schema.org\/","@type":"Article","@id":"https:\/\/www.ca-ali.cz\/uklid-praha-9-vas-byt-dum-i-kancelar-znovu-jako-ze-skatulky\/#Article","mainEntityOfPage":"https:\/\/www.ca-ali.cz\/uklid-praha-9-vas-byt-dum-i-kancelar-znovu-jako-ze-skatulky\/","headline":"\u00daklid Praha 9 \u2013 v\u00e1\u0161 byt, d\u016fm i kancel\u00e1\u0159 znovu jako ze \u0161katulky","name":"\u00daklid Praha 9 \u2013 v\u00e1\u0161 byt, d\u016fm i kancel\u00e1\u0159 znovu jako ze \u0161katulky","description":"Zn\u00e1 to asi ka\u017ed\u00fd z n\u00e1s, \u017ee ob\u010das je na n\u00e1s tolik povinnost\u00ed a\u0165 u\u017e pracovn\u00edch \u010di jin\u00fdch, \u017ee ka\u017ed\u00fd den ukl\u00edzet je nad r\u00e1mec na\u0161ich sil. Nen\u00ed se v\u016fbec za co styd\u011bt, proto\u017ee den se ned\u00e1 nat\u00e1hnout a po\u0159\u00e1dek prost\u011b mus\u00ed po\u010dkat. Co v\u0161ak s t\u00edm, kdy\u017e se i ten nepo\u0159\u00e1dek nakup\u00ed a vy [&hellip;]","datePublished":"2019-09-22","dateModified":"2023-04-27","author":{"@type":"Person","@id":"https:\/\/www.ca-ali.cz\/author\/#Person","name":"ca-ali.cz\n","url":"https:\/\/www.ca-ali.cz\/author\/","identifier":1,"image":{"@type":"ImageObject","@id":"https:\/\/secure.gravatar.com\/avatar\/9d25b0af9840660883a67790aa4f595ddc226aa4680c4cf7bc03a25c14fcef85?s=96&d=mm&r=g","url":"https:\/\/secure.gravatar.com\/avatar\/9d25b0af9840660883a67790aa4f595ddc226aa4680c4cf7bc03a25c14fcef85?s=96&d=mm&r=g","height":96,"width":96}},"publisher":{"@type":"Organization","name":"ca-ali.cz","logo":{"@type":"ImageObject","@id":"\/logo.png","url":"\/logo.png","width":600,"height":60}},"image":{"@type":"ImageObject","@id":"https:\/\/www.ca-ali.cz\/wp-content\/uploads\/img_a360369_w1709_t1574138445.jpg","url":"https:\/\/www.ca-ali.cz\/wp-content\/uploads\/img_a360369_w1709_t1574138445.jpg","height":0,"width":0},"url":"https:\/\/www.ca-ali.cz\/uklid-praha-9-vas-byt-dum-i-kancelar-znovu-jako-ze-skatulky\/","about":["Business"],"wordCount":427,"articleBody":"        Zn\u00e1 to asi ka\u017ed\u00fd z n\u00e1s, \u017ee ob\u010das je na n\u00e1s tolik povinnost\u00ed a\u0165 u\u017e pracovn\u00edch \u010di jin\u00fdch, \u017ee ka\u017ed\u00fd den ukl\u00edzet je nad r\u00e1mec na\u0161ich sil. Nen\u00ed se v\u016fbec za co styd\u011bt, proto\u017ee den se ned\u00e1 nat\u00e1hnout a po\u0159\u00e1dek prost\u011b mus\u00ed po\u010dkat. Co v\u0161ak s t\u00edm, kdy\u017e se i ten nepo\u0159\u00e1dek nakup\u00ed a vy ji\u017e nem\u00e1te s\u00edlu? A\u0165 u\u017e je to tak \u010di onak nebo jednodu\u0161e byste uv\u00edtali slu\u017eby, kter\u00e9 by v\u00e1m zajistily ka\u017edodenn\u00ed po\u0159\u00e1dek v rodinn\u00e9m dom\u011b, byt\u011b, kancel\u00e1\u0159\u00edch a dal\u0161\u00edch prostorech, tak od toho je k dispozici \u00faklid Praha 9. Profesion\u00e1ln\u00ed ukl\u00edzec\u00ed slu\u017eby jsou \u010d\u00edm d\u00e1l t\u00edm v\u00edc popul\u00e1rn\u00ed a vyu\u017e\u00edvaj\u00ed je jak dom\u00e1cnosti, tak i firmy. M\u016f\u017eete se tak spolehnout, \u017ee v\u00e1s nepo\u0159\u00e1dek v prostorech nep\u0159ev\u00e1lcuje a dokonce si m\u016f\u017eete objednat i \u017eehlen\u00ed \u010di myt\u00ed oken.  Profesion\u00e1ln\u00ed ukl\u00edze\u010dky nejd\u0159\u00edv zmapuj\u00ed situaci a podle toho vytvo\u0159\u00ed pl\u00e1n \u00faklidu, do kter\u00e9ho zahrnou i va\u0161e konkr\u00e9tn\u00ed po\u017eadavky. V\u0161e je v\u017edy o domluv\u011b a v\u00fdsledkem je tak perfektn\u011b uklizen\u00fd interi\u00e9r. Preciznost a profesionalita je prioritou Prototyp tradi\u010dn\u00ed ukl\u00edze\u010dky je dnes ji\u017e minulost\u00ed, proto\u017ee dne\u0161n\u00ed trendy vy\u017eaduj\u00ed i v tomto sm\u011bru n\u011bco zcela jin\u00e9ho a modern\u00edho. M\u016f\u017eete se tak spolehnout, \u017ee firmy, kter\u00e9 poskytuj\u00ed tyto slu\u017eby v\u00e1m do va\u0161\u00ed dom\u00e1cnosti \u010di kancel\u00e1\u0159e po\u0161lou opravdov\u00e9 profesion\u00e1lky, kter\u00e9 se postaraj\u00ed o precizn\u00ed \u00faklid a nav\u00edc s profesion\u00e1ln\u00edm p\u0159\u00edstupem. \u010cist\u00e9 prost\u0159ed\u00ed m\u00e1 pozitivn\u00ed vliv na fungov\u00e1n\u00ed doma i v pr\u00e1ci a tyto slu\u017eby v\u00e1m zajist\u00ed harmonick\u00e9 prost\u0159ed\u00ed v ka\u017ed\u00e9m p\u0159\u00edpad\u011b. M\u016f\u017eete se tak t\u011b\u0161it na \u010distou dom\u00e1cnost i kancel\u00e1\u0159 a zbavit se tak dal\u0161\u00edch starost\u00ed, kter\u00e9 by na v\u00e1s \u010dekali.  Samoz\u0159ejmost\u00ed t\u011bchto profesion\u00e1l\u016f je tak nejen myt\u00ed n\u00e1dob\u00ed a vys\u00e1v\u00e1n\u00ed, ale i \u010di\u0161t\u011bn\u00ed koberc\u016f a \u010daloun\u011bn\u00ed, zamet\u00e1n\u00ed, vyt\u00edr\u00e1n\u00ed, ut\u00edr\u00e1n\u00ed prachu, kompletn\u00ed \u00faklid WC a koupelen, zal\u00e9v\u00e1n\u00ed kv\u011btin, odnos odpadk\u016f a na objedn\u00e1vku i myt\u00ed oken a \u017eehlen\u00ed. Zat\u00edm co vy se m\u016f\u017eete bez stresu v\u011bnovat pr\u00e1ci, d\u011btem, v\u00fdlet\u016fm \u010di n\u00e1kup\u016fm.                                                                                                                                                                                                                                                                                                                                                                                           5\/5 - (5 votes)        "},{"@context":"https:\/\/schema.org\/","@type":"BreadcrumbList","itemListElement":[{"@type":"ListItem","position":1,"name":"\u00daklid Praha 9 \u2013 v\u00e1\u0161 byt, d\u016fm i kancel\u00e1\u0159 znovu jako ze \u0161katulky","item":"https:\/\/www.ca-ali.cz\/uklid-praha-9-vas-byt-dum-i-kancelar-znovu-jako-ze-skatulky\/#breadcrumbitem"}]}]